{"id":4329,"date":"2019-12-10T12:04:55","date_gmt":"2019-12-10T10:04:55","guid":{"rendered":"http:\/\/www.ccidj.ro\/site\/?p=4329"},"modified":"2019-12-10T12:05:03","modified_gmt":"2019-12-10T10:05:03","slug":"decizia-nr-4-din-16-09-2019","status":"publish","type":"post","link":"http:\/\/www.ccidj.ro\/site\/4329\/decizia-nr-4-din-16-09-2019\/","title":{"rendered":"Decizia nr. 4 din 16.09.2019"},"content":{"rendered":"<p>&nbsp;<\/p>\n<p style=\"text-align: center;\">Decizia nr. 4\/16.09.2019<\/p>\n<p>&nbsp;<\/p>\n<p>Colegiul de Conducere al Camerei de Comer\u0163 \u015fi Industrie a jude\u0163ului Dolj, \u00eentrunit \u00een sesiune ordinara la data de 16 septembrie 2019, ora 12.00, conform art. 26, coroborat cu art. 27 \u015fi art. 15 din Statutul propriu al C.C.I. jud. Dolj, av\u00e2nd urm\u0103toarea componen\u0163\u0103:<\/p>\n<ul>\n<li>Pre\u015fedinte \u2013 dl. Gabriel Vl\u0103dut, reprezentant IPA CIFATT CRAIOVA<\/li>\n<li>Vicepre\u015fedinte \u2013 dl. Cristian \u015etef\u0103nescu, reprezentant PRIMASERV SRL<\/li>\n<li>Vicepre\u015fedinte \u2013 dl. George Mo\u0163\u0103\u0163\u0103ianu, reprezentant EXPOOLTENIA SRL<\/li>\n<li>Membru \u2013 INAS SA, reprezentat prin dl. Constantin Ciolofan;<\/li>\n<li>Membru \u2013 PARC-TURISM SA, reprezentat prin dl. Constantin R\u0103duc\u0103noiu<\/li>\n<li>Membru \u2013PYF PRODUCTION SRL, reprezentat prin \u00eemputernicire emis\u0103 de c\u0103tre d-na Tatiana P\u00eeslaru d-lui Gabriel Vl\u0103du\u0163;<\/li>\n<li>Membru \u2013PISCINA LUX SRL, reprezentat prin d-na Silvia Sandu;<\/li>\n<li>Membru &#8211; MOVIPLAST SRL, reprezentat prin \u00eemputernicire emis\u0103 de c\u0103tre dl. Virgil Fira d-rei Maria Alexandra Fira;<\/li>\n<li>Membru \u2013REDAC SRL, reprezentat prin \u00eemputernicire emis\u0103 de c\u0103tre dl. Marcel Sc\u0103rl\u0103tescu d-lui. Gabriel Vl\u0103du\u0163;<\/li>\n<li>Membru &#8211; ELPRECO SA, reprezentat prin \u00eemputernicire emis\u0103 de c\u0103tre dl. Adrian Bezerghianu d-lui Marius Petre Dr\u0103gan.<\/li>\n<\/ul>\n<p>adopt\u0103 prezenta:<\/p>\n<p style=\"text-align: center;\"><strong>D E C I Z I E<\/strong><\/p>\n<ol>\n<li><strong>Aproba,<\/strong> cu unanimitate de voturi, rezultatul inventarierii patrimoniului Camerei de Comer\u0163 \u015fi Industrie a jude\u0163ului Dolj la data de 31.07.2019 \u015fi propunerile comisiei de inventariere prezentate \u00een procesul-verbal nr. 590\/16.08.2019.<\/li>\n<li><strong>Ia act<\/strong> de \u00eencheierea conven\u0163iei de dare \u00een plat\u0103, intervenit\u0103 \u00eentre Camera de Comer\u0163 \u015fi Industrie a jude\u0163ului Dolj \u015fi dl. Mihai Gun\u0103, \u00een vederea stingerii integrale a datoriei, care reprezint\u0103 diferen\u0163a dintre pre\u0163ul adjudec\u0103rii imobilului \u015fi crean\u0163a cesionat\u0103, a\u015fa cum s-a aprobat prin hot\u0103r\u00e2rea Adun\u0103rii Generale a Membrilor nr. 1\/18.04.2019.<\/li>\n<li><strong>Aprob\u0103,<\/strong> cu unanimitate de voturi, schimbarea sediului Camerei de Comer\u0163 \u015fi Industrie a jude\u0163ului Dolj in Craiova, Str. Simion B\u0103rnu\u0163iu, nr. 4, jud. Dolj.<\/li>\n<\/ol>\n<p><strong>\u00a04.a.<\/strong> <strong>Aprob\u0103<\/strong>, cu unanimitate de voturi, schimbarea sediului social al EXPOOLTENIA SRL \u00een Craiova, Str. Simion B\u0103rnu\u0163iu, nr. 4, jud. Dolj.<\/p>\n<p><strong>4.b<\/strong> <strong>Aprob\u0103<\/strong>, cu unanimitate de voturi, schimbarea sediului social al ASOCIA\u0162IEI PENTRU DEZVOLTAREA MEDIULUI DE AFACERI DIN OLTENIA \u00een Craiova, Str. Simion B\u0103rnu\u0163iu, nr. 4, jud.<\/p>\n<p><strong>4.c<\/strong> <strong>Aprob\u0103<\/strong>, cu unanimitate de voturi, schimbarea sediului FUNDA\u0162IEI \u015eCOALA ROM\u00c2N\u0102 DE AFACERI A CAMERELOR DE COMR\u0162 \u015eI INDUSTRIE FILIALA DOLJ \u00een Craiova, Str. Simion B\u0103rnu\u0163iu, nr. 4, jud.<\/p>\n<ol start=\"5\">\n<li><strong>Aprob\u0103<\/strong>, cu unanimitate de voturi, Organigrama \u015fi Regulamentul de Organizare \u015fi Func\u0163ionare al Camerei de Comer\u0163 \u015fi Industrie a jude\u0163ului Dolj, care vor intra \u00een vigoare \u00eencep\u00e2nd cu data de 01.10.2019.<\/li>\n<li><strong>Ia act<\/strong> de informarea privind organizarea evenimentului \u201eTopul Firmelor 2018\u201d \u015fi decide, cu 9 voturi pentru si o ab\u0163inere, prelungirea termenului pentru primirea ofertelor, \u00een vederea stabilirii loca\u0163iei pentru desf\u0103\u015furarea evenimentului, p\u00e2n\u0103 la data de 18.09.2019, ora 15.00.<\/li>\n<li><strong>Valideaz\u0103,<\/strong> cu unanimitate de voturi, dob\u00e2ndirea calit\u0103\u0163ii de membru al Camerei de Comer\u0163 \u015fi Industrie a jude\u0163ului Dolj pentru urm\u0103toarele societ\u0103\u0163i: EVOBRAND SRL, VITALL SRL, ALLIANZ TIRIAC ASIGURARI SA si AM BOUTIQUE DESIGN SRL. Aprob\u0103, cu unanimitate de voturi, cotiza\u0163ia anual\u0103 de membru pentru ALLIANZ TIRIAC ASIGURARI SA la valoarea de 500 lei.<\/li>\n<li><strong>Ia act<\/strong> de informarea, prezentat\u0103 de c\u0103tre dl. Gabriel Vladu\u0163, privind posibilitatea societ\u0103\u0163ilor membre ale Camerei de Comer\u0163 \u015fi Industrie a jude\u0163ului Dolj de a-si promova activitatea \u00een alte jude\u0163e, gratuit, prin intermediul Camerelor de Comer\u0163 si Industrie Jude\u0163ene.<\/li>\n<\/ol>\n<p><strong>\u00a0<\/strong><\/p>\n<p style=\"text-align: center;\"><strong>PRE\u015eEDINTE,<\/strong><\/p>\n<p style=\"text-align: center;\"><strong>Gabriel VL\u0102DU\u0162<\/strong><\/p>\n<p>&nbsp;<\/p>\n<p>&nbsp;<\/p>\n<p>&nbsp;<\/p>\n<p style=\"text-align: right;\">Secretariatul Tehnic,<\/p>\n<p style=\"text-align: right;\">Cons. Jur. Mirela Becherescu<\/p>\n","protected":false},"excerpt":{"rendered":"<p>&nbsp; Decizia nr. 4\/16.09.2019 &nbsp; Colegiul de Conducere al Camerei de Comer\u0163 \u015fi Industrie a jude\u0163ului Dolj, \u00eentrunit \u00een sesiune ordinara la data de 16 septembrie 2019, ora 12.00, conform art. 26, coroborat cu art. 27 \u015fi art. 15 din Statutul propriu al C.C.I. jud. Dolj, av\u00e2nd urm\u0103toarea componen\u0163\u0103: Pre\u015fedinte \u2013 dl. Gabriel Vl\u0103dut, reprezentant [&hellip;]<\/p>\n","protected":false},"author":5,"featured_media":0,"comment_status":"closed","ping_status":"closed","sticky":false,"template":"","format":"standard","meta":{"ngg_post_thumbnail":0,"footnotes":""},"categories":[6],"tags":[],"yoast_head":"<!-- This site is optimized with the Yoast SEO plugin v21.9 - https:\/\/yoast.com\/wordpress\/plugins\/seo\/ -->\n<title>Decizia nr. 4 din 16.09.2019 -<\/title>\n<meta name=\"robots\" content=\"index, follow, max-snippet:-1, max-image-preview:large, max-video-preview:-1\" \/>\n<link rel=\"canonical\" href=\"http:\/\/www.ccidj.ro\/site\/4329\/decizia-nr-4-din-16-09-2019\/\" \/>\n<meta property=\"og:locale\" content=\"ro_RO\" \/>\n<meta property=\"og:type\" content=\"article\" \/>\n<meta property=\"og:title\" content=\"Decizia nr. 4 din 16.09.2019 -\" \/>\n<meta property=\"og:description\" content=\"&nbsp; Decizia nr. 4\/16.09.2019 &nbsp; Colegiul de Conducere al Camerei de Comer\u0163 \u015fi Industrie a jude\u0163ului Dolj, \u00eentrunit \u00een sesiune ordinara la data de 16 septembrie 2019, ora 12.00, conform art. 26, coroborat cu art. 27 \u015fi art. 15 din Statutul propriu al C.C.I. jud. Dolj, av\u00e2nd urm\u0103toarea componen\u0163\u0103: Pre\u015fedinte \u2013 dl. Gabriel Vl\u0103dut, reprezentant [&hellip;]\" \/>\n<meta property=\"og:url\" content=\"http:\/\/www.ccidj.ro\/site\/4329\/decizia-nr-4-din-16-09-2019\/\" \/>\n<meta property=\"article:published_time\" content=\"2019-12-10T10:04:55+00:00\" \/>\n<meta property=\"article:modified_time\" content=\"2019-12-10T10:05:03+00:00\" \/>\n<meta name=\"author\" content=\"CCI Dolj\" \/>\n<meta name=\"twitter:label1\" content=\"Scris de\" \/>\n\t<meta name=\"twitter:data1\" content=\"CCI Dolj\" \/>\n\t<meta name=\"twitter:label2\" content=\"Timp estimat pentru citire\" \/>\n\t<meta name=\"twitter:data2\" content=\"3 minute\" \/>\n<script type=\"application\/ld+json\" class=\"yoast-schema-graph\">{\"@context\":\"https:\/\/schema.org\",\"@graph\":[{\"@type\":\"WebPage\",\"@id\":\"http:\/\/www.ccidj.ro\/site\/4329\/decizia-nr-4-din-16-09-2019\/\",\"url\":\"http:\/\/www.ccidj.ro\/site\/4329\/decizia-nr-4-din-16-09-2019\/\",\"name\":\"Decizia nr. 4 din 16.09.2019 -\",\"isPartOf\":{\"@id\":\"https:\/\/www.ccidj.ro\/site\/#website\"},\"datePublished\":\"2019-12-10T10:04:55+00:00\",\"dateModified\":\"2019-12-10T10:05:03+00:00\",\"author\":{\"@id\":\"https:\/\/www.ccidj.ro\/site\/#\/schema\/person\/b7aff7fd359b6b9f969f5dbcf78c7997\"},\"breadcrumb\":{\"@id\":\"http:\/\/www.ccidj.ro\/site\/4329\/decizia-nr-4-din-16-09-2019\/#breadcrumb\"},\"inLanguage\":\"ro-RO\",\"potentialAction\":[{\"@type\":\"ReadAction\",\"target\":[\"http:\/\/www.ccidj.ro\/site\/4329\/decizia-nr-4-din-16-09-2019\/\"]}]},{\"@type\":\"BreadcrumbList\",\"@id\":\"http:\/\/www.ccidj.ro\/site\/4329\/decizia-nr-4-din-16-09-2019\/#breadcrumb\",\"itemListElement\":[{\"@type\":\"ListItem\",\"position\":1,\"name\":\"Home\",\"item\":\"https:\/\/www.ccidj.ro\/site\/\"},{\"@type\":\"ListItem\",\"position\":2,\"name\":\"Decizia nr. 4 din 16.09.2019\"}]},{\"@type\":\"WebSite\",\"@id\":\"https:\/\/www.ccidj.ro\/site\/#website\",\"url\":\"https:\/\/www.ccidj.ro\/site\/\",\"name\":\"\",\"description\":\"\",\"potentialAction\":[{\"@type\":\"SearchAction\",\"target\":{\"@type\":\"EntryPoint\",\"urlTemplate\":\"https:\/\/www.ccidj.ro\/site\/?s={search_term_string}\"},\"query-input\":\"required name=search_term_string\"}],\"inLanguage\":\"ro-RO\"},{\"@type\":\"Person\",\"@id\":\"https:\/\/www.ccidj.ro\/site\/#\/schema\/person\/b7aff7fd359b6b9f969f5dbcf78c7997\",\"name\":\"CCI Dolj\",\"url\":\"http:\/\/www.ccidj.ro\/site\/author\/georgiana-storica\/\"}]}<\/script>\n<!-- \/ Yoast SEO plugin. -->","yoast_head_json":{"title":"Decizia nr. 4 din 16.09.2019 -","robots":{"index":"index","follow":"follow","max-snippet":"max-snippet:-1","max-image-preview":"max-image-preview:large","max-video-preview":"max-video-preview:-1"},"canonical":"http:\/\/www.ccidj.ro\/site\/4329\/decizia-nr-4-din-16-09-2019\/","og_locale":"ro_RO","og_type":"article","og_title":"Decizia nr. 4 din 16.09.2019 -","og_description":"&nbsp; Decizia nr. 4\/16.09.2019 &nbsp; Colegiul de Conducere al Camerei de Comer\u0163 \u015fi Industrie a jude\u0163ului Dolj, \u00eentrunit \u00een sesiune ordinara la data de 16 septembrie 2019, ora 12.00, conform art. 26, coroborat cu art. 27 \u015fi art. 15 din Statutul propriu al C.C.I. jud. Dolj, av\u00e2nd urm\u0103toarea componen\u0163\u0103: Pre\u015fedinte \u2013 dl. Gabriel Vl\u0103dut, reprezentant [&hellip;]","og_url":"http:\/\/www.ccidj.ro\/site\/4329\/decizia-nr-4-din-16-09-2019\/","article_published_time":"2019-12-10T10:04:55+00:00","article_modified_time":"2019-12-10T10:05:03+00:00","author":"CCI Dolj","twitter_misc":{"Scris de":"CCI Dolj","Timp estimat pentru citire":"3 minute"},"schema":{"@context":"https:\/\/schema.org","@graph":[{"@type":"WebPage","@id":"http:\/\/www.ccidj.ro\/site\/4329\/decizia-nr-4-din-16-09-2019\/","url":"http:\/\/www.ccidj.ro\/site\/4329\/decizia-nr-4-din-16-09-2019\/","name":"Decizia nr. 4 din 16.09.2019 -","isPartOf":{"@id":"https:\/\/www.ccidj.ro\/site\/#website"},"datePublished":"2019-12-10T10:04:55+00:00","dateModified":"2019-12-10T10:05:03+00:00","author":{"@id":"https:\/\/www.ccidj.ro\/site\/#\/schema\/person\/b7aff7fd359b6b9f969f5dbcf78c7997"},"breadcrumb":{"@id":"http:\/\/www.ccidj.ro\/site\/4329\/decizia-nr-4-din-16-09-2019\/#breadcrumb"},"inLanguage":"ro-RO","potentialAction":[{"@type":"ReadAction","target":["http:\/\/www.ccidj.ro\/site\/4329\/decizia-nr-4-din-16-09-2019\/"]}]},{"@type":"BreadcrumbList","@id":"http:\/\/www.ccidj.ro\/site\/4329\/decizia-nr-4-din-16-09-2019\/#breadcrumb","itemListElement":[{"@type":"ListItem","position":1,"name":"Home","item":"https:\/\/www.ccidj.ro\/site\/"},{"@type":"ListItem","position":2,"name":"Decizia nr. 4 din 16.09.2019"}]},{"@type":"WebSite","@id":"https:\/\/www.ccidj.ro\/site\/#website","url":"https:\/\/www.ccidj.ro\/site\/","name":"","description":"","potentialAction":[{"@type":"SearchAction","target":{"@type":"EntryPoint","urlTemplate":"https:\/\/www.ccidj.ro\/site\/?s={search_term_string}"},"query-input":"required name=search_term_string"}],"inLanguage":"ro-RO"},{"@type":"Person","@id":"https:\/\/www.ccidj.ro\/site\/#\/schema\/person\/b7aff7fd359b6b9f969f5dbcf78c7997","name":"CCI Dolj","url":"http:\/\/www.ccidj.ro\/site\/author\/georgiana-storica\/"}]}},"_links":{"self":[{"href":"http:\/\/www.ccidj.ro\/site\/wp-json\/wp\/v2\/posts\/4329"}],"collection":[{"href":"http:\/\/www.ccidj.ro\/site\/wp-json\/wp\/v2\/posts"}],"about":[{"href":"http:\/\/www.ccidj.ro\/site\/wp-json\/wp\/v2\/types\/post"}],"author":[{"embeddable":true,"href":"http:\/\/www.ccidj.ro\/site\/wp-json\/wp\/v2\/users\/5"}],"replies":[{"embeddable":true,"href":"http:\/\/www.ccidj.ro\/site\/wp-json\/wp\/v2\/comments?post=4329"}],"version-history":[{"count":2,"href":"http:\/\/www.ccidj.ro\/site\/wp-json\/wp\/v2\/posts\/4329\/revisions"}],"predecessor-version":[{"id":4331,"href":"http:\/\/www.ccidj.ro\/site\/wp-json\/wp\/v2\/posts\/4329\/revisions\/4331"}],"wp:attachment":[{"href":"http:\/\/www.ccidj.ro\/site\/wp-json\/wp\/v2\/media?parent=4329"}],"wp:term":[{"taxonomy":"category","embeddable":true,"href":"http:\/\/www.ccidj.ro\/site\/wp-json\/wp\/v2\/categories?post=4329"},{"taxonomy":"post_tag","embeddable":true,"href":"http:\/\/www.ccidj.ro\/site\/wp-json\/wp\/v2\/tags?post=4329"}],"curies":[{"name":"wp","href":"https:\/\/api.w.org\/{rel}","templated":true}]}}